{"id":333,"date":"2007-09-21T12:59:28","date_gmt":"2007-09-21T10:59:28","guid":{"rendered":"http:\/\/pgdprecna.si\/wordpress\/?p=333"},"modified":"2014-08-28T22:26:46","modified_gmt":"2014-08-28T20:26:46","slug":"pomoc-pri-odpravi-posledic-vremenske-ujme","status":"publish","type":"post","link":"http:\/\/pgdprecna.si\/?p=333","title":{"rendered":"Pomo\u010d pri odpravi posledic vremenske ujme"},"content":{"rendered":"<p>V sredo, 19.9.2007 smo dobili poziv za pomo\u010d na obmo\u010dju Gorenjske, katero je prizadela vremenska ujma. Tako sta se naslednji dan dva na\u0161a \u010dlana pridru\u017eila ekipi iz GZ Novo mesto. Pomagala sta na obmo\u010dju \u017deleznikov.<\/p>\n<p><!-- index.php -->\n<div\n\tclass=\"ngg-galleryoverview\n\t ngg-ajax-pagination-none\t\"\n\tid=\"ngg-gallery-ba92a013c1d31bfff9f2a12275eb1fe6-1\">\n\n\t\t\t<!-- Thumbnails -->\n\t\t\t\t<div id=\"ngg-image-0\" class=\"ngg-gallery-thumbnail-box\"\n\t\t\t\t\t\t\t\t\t\t\t>\n\t\t\t\t\t\t<div class=\"ngg-gallery-thumbnail\">\n\t\t\t<a href=\"http:\/\/pgdprecna.si\/wp-content\/galleries\/splosno\/%C5%BDelezniki-2007.jpg\"\n\t\t\t\ttitle=\"\"\n\t\t\t\tdata-src=\"http:\/\/pgdprecna.si\/wp-content\/galleries\/splosno\/%C5%BDelezniki-2007.jpg\"\n\t\t\t\tdata-thumbnail=\"http:\/\/pgdprecna.si\/wp-content\/galleries\/splosno\/thumbs\/thumbs_%C5%BDelezniki-2007.jpg\"\n\t\t\t\tdata-image-id=\"134\"\n\t\t\t\tdata-title=\"elezniki-2007\"\n\t\t\t\tdata-description=\"\"\n\t\t\t\tdata-image-slug=\"elezniki-2007\"\n\t\t\t\tclass=\"ngg-fancybox\" rel=\"ba92a013c1d31bfff9f2a12275eb1fe6\">\n\t\t\t\t<img\n\t\t\t\t\ttitle=\"elezniki-2007\"\n\t\t\t\t\talt=\"elezniki-2007\"\n\t\t\t\t\tsrc=\"http:\/\/pgdprecna.si\/wp-content\/galleries\/splosno\/thumbs\/thumbs_%C5%BDelezniki-2007.jpg\"\n\t\t\t\t\twidth=\"120\"\n\t\t\t\t\theight=\"90\"\n\t\t\t\t\tstyle=\"max-width:100%;\"\n\t\t\t\t\/>\n\t\t\t<\/a>\n\t\t<\/div>\n\t\t\t\t\t\t\t<\/div>\n\t\t\t\n\t\t\n\t\t\n\t\t<!-- Pagination -->\n\t\t<div class='ngg-clear'><\/div>\t<\/div>\n<\/p>\n","protected":false},"excerpt":{"rendered":"<p>V sredo, 19.9.2007 smo dobili poziv za pomo\u010d na obmo\u010dju Gorenjske, katero je prizadela vremenska ujma. Tako sta se naslednji dan dva na\u0161a \u010dlana pridru\u017eila ekipi iz GZ Novo mesto. Pomagala sta na obmo\u010dju \u017deleznikov.<\/p>\n","protected":false},"author":1,"featured_media":0,"comment_status":"closed","ping_status":"closed","sticky":false,"template":"","format":"standard","meta":{"ngg_post_thumbnail":0,"footnotes":""},"categories":[4,3],"tags":[],"class_list":["post-333","post","type-post","status-publish","format-standard","hentry","category-intervencije","category-novice"],"_links":{"self":[{"href":"http:\/\/pgdprecna.si\/index.php?rest_route=\/wp\/v2\/posts\/333","targetHints":{"allow":["GET"]}}],"collection":[{"href":"http:\/\/pgdprecna.si\/index.php?rest_route=\/wp\/v2\/posts"}],"about":[{"href":"http:\/\/pgdprecna.si\/index.php?rest_route=\/wp\/v2\/types\/post"}],"author":[{"embeddable":true,"href":"http:\/\/pgdprecna.si\/index.php?rest_route=\/wp\/v2\/users\/1"}],"replies":[{"embeddable":true,"href":"http:\/\/pgdprecna.si\/index.php?rest_route=%2Fwp%2Fv2%2Fcomments&post=333"}],"version-history":[{"count":9,"href":"http:\/\/pgdprecna.si\/index.php?rest_route=\/wp\/v2\/posts\/333\/revisions"}],"predecessor-version":[{"id":420,"href":"http:\/\/pgdprecna.si\/index.php?rest_route=\/wp\/v2\/posts\/333\/revisions\/420"}],"wp:attachment":[{"href":"http:\/\/pgdprecna.si\/index.php?rest_route=%2Fwp%2Fv2%2Fmedia&parent=333"}],"wp:term":[{"taxonomy":"category","embeddable":true,"href":"http:\/\/pgdprecna.si\/index.php?rest_route=%2Fwp%2Fv2%2Fcategories&post=333"},{"taxonomy":"post_tag","embeddable":true,"href":"http:\/\/pgdprecna.si\/index.php?rest_route=%2Fwp%2Fv2%2Ftags&post=333"}],"curies":[{"name":"wp","href":"https:\/\/api.w.org\/{rel}","templated":true}]}}