{"id":463,"date":"2013-03-03T00:00:30","date_gmt":"2013-03-02T22:00:30","guid":{"rendered":"http:\/\/pgdprecna.si\/wordpress\/?p=463"},"modified":"2015-11-05T23:25:27","modified_gmt":"2015-11-05T21:25:27","slug":"pozar-v-industrijskem-objektu","status":"publish","type":"post","link":"http:\/\/pgdprecna.si\/?p=463","title":{"rendered":"PO\u017dAR V INDUSTRIJSKEM OBJEKTU"},"content":{"rendered":"<p>Ob 18.00 je zagorela plastika v prostorih nekdanje opekarne Zalog. Ob prihodu na kraj, je ogenj \u017ee zajel celoten objekt cca 25X60m in se je \u0161iril na zunanjo deponijo plasti\u010dnega materiala. V eni polovici objekta so bili skladi\u0161\u010deni lesni sekanci, v drugi polovici objekta velike koli\u010dine plasti\u010dnih odpadkov. Na strehi objekta pa je bila postavljena fotovoltai\u010dna elektrarna.<br \/>\nTekom no\u010di smo po\u017ear pogasili, gasilci PGD Pre\u010dna smo sodelovali \u0161e pri dobavi vode iz reke Krke.<br \/>\nNa intervenciji so sodelovale naslednje gasilske enote: GRC Novo mesto, PGD Dolenja Stra\u017ea, PGD Vavta vas, PGD Pre\u010dna, PGD Oto\u010dec, PGD Kamence, PGD Mali Podljuben, PGD \u0160mihel pri Novem mestu, skupno 71 gasilcev.<\/p>\n<p><!-- index.php -->\n<div\n\tclass=\"ngg-galleryoverview\n\t ngg-ajax-pagination-none\t\"\n\tid=\"ngg-gallery-39480bac9b5101ff28dcf1d85e1d7d3f-1\">\n\n\t\t\t<!-- Thumbnails -->\n\t\t\t\t<div id=\"ngg-image-0\" class=\"ngg-gallery-thumbnail-box\"\n\t\t\t\t\t\t\t\t\t\t\t>\n\t\t\t\t\t\t<div class=\"ngg-gallery-thumbnail\">\n\t\t\t<a href=\"http:\/\/pgdprecna.si\/wp-content\/galleries\/ekosistemi-2013\/DSC_0292.jpg\"\n\t\t\t\ttitle=\"\"\n\t\t\t\tdata-src=\"http:\/\/pgdprecna.si\/wp-content\/galleries\/ekosistemi-2013\/DSC_0292.jpg\"\n\t\t\t\tdata-thumbnail=\"http:\/\/pgdprecna.si\/wp-content\/galleries\/ekosistemi-2013\/thumbs\/thumbs_DSC_0292.jpg\"\n\t\t\t\tdata-image-id=\"154\"\n\t\t\t\tdata-title=\"DSC_0292\"\n\t\t\t\tdata-description=\"\"\n\t\t\t\tdata-image-slug=\"dsc_0292\"\n\t\t\t\tclass=\"ngg-fancybox\" rel=\"39480bac9b5101ff28dcf1d85e1d7d3f\">\n\t\t\t\t<img\n\t\t\t\t\ttitle=\"DSC_0292\"\n\t\t\t\t\talt=\"DSC_0292\"\n\t\t\t\t\tsrc=\"http:\/\/pgdprecna.si\/wp-content\/galleries\/ekosistemi-2013\/thumbs\/thumbs_DSC_0292.jpg\"\n\t\t\t\t\twidth=\"120\"\n\t\t\t\t\theight=\"90\"\n\t\t\t\t\tstyle=\"max-width:100%;\"\n\t\t\t\t\/>\n\t\t\t<\/a>\n\t\t<\/div>\n\t\t\t\t\t\t\t<\/div>\n\t\t\t\n\t\t\n\t\t\t\t<div id=\"ngg-image-1\" class=\"ngg-gallery-thumbnail-box\"\n\t\t\t\t\t\t\t\t\t\t\t>\n\t\t\t\t\t\t<div class=\"ngg-gallery-thumbnail\">\n\t\t\t<a href=\"http:\/\/pgdprecna.si\/wp-content\/galleries\/ekosistemi-2013\/DSC_0289.jpg\"\n\t\t\t\ttitle=\"\"\n\t\t\t\tdata-src=\"http:\/\/pgdprecna.si\/wp-content\/galleries\/ekosistemi-2013\/DSC_0289.jpg\"\n\t\t\t\tdata-thumbnail=\"http:\/\/pgdprecna.si\/wp-content\/galleries\/ekosistemi-2013\/thumbs\/thumbs_DSC_0289.jpg\"\n\t\t\t\tdata-image-id=\"155\"\n\t\t\t\tdata-title=\"DSC_0289\"\n\t\t\t\tdata-description=\"\"\n\t\t\t\tdata-image-slug=\"dsc_0289\"\n\t\t\t\tclass=\"ngg-fancybox\" rel=\"39480bac9b5101ff28dcf1d85e1d7d3f\">\n\t\t\t\t<img\n\t\t\t\t\ttitle=\"DSC_0289\"\n\t\t\t\t\talt=\"DSC_0289\"\n\t\t\t\t\tsrc=\"http:\/\/pgdprecna.si\/wp-content\/galleries\/ekosistemi-2013\/thumbs\/thumbs_DSC_0289.jpg\"\n\t\t\t\t\twidth=\"120\"\n\t\t\t\t\theight=\"90\"\n\t\t\t\t\tstyle=\"max-width:100%;\"\n\t\t\t\t\/>\n\t\t\t<\/a>\n\t\t<\/div>\n\t\t\t\t\t\t\t<\/div>\n\t\t\t\n\t\t\n\t\t\n\t\t<!-- Pagination -->\n\t\t<div class='ngg-clear'><\/div>\t<\/div>\n<\/p>\n","protected":false},"excerpt":{"rendered":"<p>Ob 18.00 je zagorela plastika v prostorih nekdanje opekarne Zalog. Ob prihodu na kraj, je ogenj \u017ee zajel celoten objekt cca 25X60m in se je \u0161iril na zunanjo deponijo plasti\u010dnega materiala. V eni polovici objekta so bili skladi\u0161\u010deni lesni sekanci, v drugi polovici objekta velike koli\u010dine plasti\u010dnih odpadkov. Na strehi<a href=\"http:\/\/pgdprecna.si\/?p=463\" class=\"read-more\">Read the rest of this page &raquo;<\/a><\/p>\n","protected":false},"author":1,"featured_media":0,"comment_status":"closed","ping_status":"closed","sticky":false,"template":"","format":"standard","meta":{"ngg_post_thumbnail":0,"footnotes":""},"categories":[4,3],"tags":[],"class_list":["post-463","post","type-post","status-publish","format-standard","hentry","category-intervencije","category-novice"],"_links":{"self":[{"href":"http:\/\/pgdprecna.si\/index.php?rest_route=\/wp\/v2\/posts\/463","targetHints":{"allow":["GET"]}}],"collection":[{"href":"http:\/\/pgdprecna.si\/index.php?rest_route=\/wp\/v2\/posts"}],"about":[{"href":"http:\/\/pgdprecna.si\/index.php?rest_route=\/wp\/v2\/types\/post"}],"author":[{"embeddable":true,"href":"http:\/\/pgdprecna.si\/index.php?rest_route=\/wp\/v2\/users\/1"}],"replies":[{"embeddable":true,"href":"http:\/\/pgdprecna.si\/index.php?rest_route=%2Fwp%2Fv2%2Fcomments&post=463"}],"version-history":[{"count":3,"href":"http:\/\/pgdprecna.si\/index.php?rest_route=\/wp\/v2\/posts\/463\/revisions"}],"predecessor-version":[{"id":542,"href":"http:\/\/pgdprecna.si\/index.php?rest_route=\/wp\/v2\/posts\/463\/revisions\/542"}],"wp:attachment":[{"href":"http:\/\/pgdprecna.si\/index.php?rest_route=%2Fwp%2Fv2%2Fmedia&parent=463"}],"wp:term":[{"taxonomy":"category","embeddable":true,"href":"http:\/\/pgdprecna.si\/index.php?rest_route=%2Fwp%2Fv2%2Fcategories&post=463"},{"taxonomy":"post_tag","embeddable":true,"href":"http:\/\/pgdprecna.si\/index.php?rest_route=%2Fwp%2Fv2%2Ftags&post=463"}],"curies":[{"name":"wp","href":"https:\/\/api.w.org\/{rel}","templated":true}]}}