{"id":733,"date":"2015-11-28T20:42:27","date_gmt":"2015-11-28T18:42:27","guid":{"rendered":"http:\/\/pgdprecna.si\/?p=733"},"modified":"2016-03-01T20:49:08","modified_gmt":"2016-03-01T18:49:08","slug":"regijska-vaja","status":"publish","type":"post","link":"http:\/\/pgdprecna.si\/?p=733","title":{"rendered":"Regijska vaja"},"content":{"rendered":"<p>Sodelovali na veliki regijski gasilski vaji, ki je potekala 28.11.2015 na obmo\u010dju od \u0160kocjana do \u017du\u017eemberka. Na vaji je sodelovalo preko 250 gasilcev, od tega 10 iz PGD Pre\u010dna.<\/p>\n<p><!-- index.php -->\n<div\n\tclass=\"ngg-galleryoverview\n\t ngg-ajax-pagination-none\t\"\n\tid=\"ngg-gallery-39c9d736b6b0e24eb506681c6c89f12c-1\">\n\n\t\t\t<!-- Thumbnails -->\n\t\t\t\t<div id=\"ngg-image-0\" class=\"ngg-gallery-thumbnail-box\"\n\t\t\t\t\t\t\t\t\t\t\t>\n\t\t\t\t\t\t<div class=\"ngg-gallery-thumbnail\">\n\t\t\t<a href=\"http:\/\/pgdprecna.si\/wp-content\/galleries\/regijska-vaja-2015\/1.jpg\"\n\t\t\t\ttitle=\"1 \/ 4\"\n\t\t\t\tdata-src=\"http:\/\/pgdprecna.si\/wp-content\/galleries\/regijska-vaja-2015\/1.jpg\"\n\t\t\t\tdata-thumbnail=\"http:\/\/pgdprecna.si\/wp-content\/galleries\/regijska-vaja-2015\/thumbs\/thumbs_1.jpg\"\n\t\t\t\tdata-image-id=\"192\"\n\t\t\t\tdata-title=\"1\"\n\t\t\t\tdata-description=\"1 \/ 4\"\n\t\t\t\tdata-image-slug=\"1\"\n\t\t\t\tclass=\"ngg-fancybox\" rel=\"39c9d736b6b0e24eb506681c6c89f12c\">\n\t\t\t\t<img\n\t\t\t\t\ttitle=\"1\"\n\t\t\t\t\talt=\"1\"\n\t\t\t\t\tsrc=\"http:\/\/pgdprecna.si\/wp-content\/galleries\/regijska-vaja-2015\/thumbs\/thumbs_1.jpg\"\n\t\t\t\t\twidth=\"120\"\n\t\t\t\t\theight=\"90\"\n\t\t\t\t\tstyle=\"max-width:100%;\"\n\t\t\t\t\/>\n\t\t\t<\/a>\n\t\t<\/div>\n\t\t\t\t\t\t\t<\/div>\n\t\t\t\n\t\t\n\t\t\t\t<div id=\"ngg-image-1\" class=\"ngg-gallery-thumbnail-box\"\n\t\t\t\t\t\t\t\t\t\t\t>\n\t\t\t\t\t\t<div class=\"ngg-gallery-thumbnail\">\n\t\t\t<a href=\"http:\/\/pgdprecna.si\/wp-content\/galleries\/regijska-vaja-2015\/2.jpg\"\n\t\t\t\ttitle=\"2 \/ 4\"\n\t\t\t\tdata-src=\"http:\/\/pgdprecna.si\/wp-content\/galleries\/regijska-vaja-2015\/2.jpg\"\n\t\t\t\tdata-thumbnail=\"http:\/\/pgdprecna.si\/wp-content\/galleries\/regijska-vaja-2015\/thumbs\/thumbs_2.jpg\"\n\t\t\t\tdata-image-id=\"193\"\n\t\t\t\tdata-title=\"2\"\n\t\t\t\tdata-description=\"2 \/ 4\"\n\t\t\t\tdata-image-slug=\"2\"\n\t\t\t\tclass=\"ngg-fancybox\" rel=\"39c9d736b6b0e24eb506681c6c89f12c\">\n\t\t\t\t<img\n\t\t\t\t\ttitle=\"2\"\n\t\t\t\t\talt=\"2\"\n\t\t\t\t\tsrc=\"http:\/\/pgdprecna.si\/wp-content\/galleries\/regijska-vaja-2015\/thumbs\/thumbs_2.jpg\"\n\t\t\t\t\twidth=\"120\"\n\t\t\t\t\theight=\"90\"\n\t\t\t\t\tstyle=\"max-width:100%;\"\n\t\t\t\t\/>\n\t\t\t<\/a>\n\t\t<\/div>\n\t\t\t\t\t\t\t<\/div>\n\t\t\t\n\t\t\n\t\t\t\t<div id=\"ngg-image-2\" class=\"ngg-gallery-thumbnail-box\"\n\t\t\t\t\t\t\t\t\t\t\t>\n\t\t\t\t\t\t<div class=\"ngg-gallery-thumbnail\">\n\t\t\t<a href=\"http:\/\/pgdprecna.si\/wp-content\/galleries\/regijska-vaja-2015\/3.jpg\"\n\t\t\t\ttitle=\"3 \/ 4\"\n\t\t\t\tdata-src=\"http:\/\/pgdprecna.si\/wp-content\/galleries\/regijska-vaja-2015\/3.jpg\"\n\t\t\t\tdata-thumbnail=\"http:\/\/pgdprecna.si\/wp-content\/galleries\/regijska-vaja-2015\/thumbs\/thumbs_3.jpg\"\n\t\t\t\tdata-image-id=\"194\"\n\t\t\t\tdata-title=\"3\"\n\t\t\t\tdata-description=\"3 \/ 4\"\n\t\t\t\tdata-image-slug=\"3\"\n\t\t\t\tclass=\"ngg-fancybox\" rel=\"39c9d736b6b0e24eb506681c6c89f12c\">\n\t\t\t\t<img\n\t\t\t\t\ttitle=\"3\"\n\t\t\t\t\talt=\"3\"\n\t\t\t\t\tsrc=\"http:\/\/pgdprecna.si\/wp-content\/galleries\/regijska-vaja-2015\/thumbs\/thumbs_3.jpg\"\n\t\t\t\t\twidth=\"120\"\n\t\t\t\t\theight=\"90\"\n\t\t\t\t\tstyle=\"max-width:100%;\"\n\t\t\t\t\/>\n\t\t\t<\/a>\n\t\t<\/div>\n\t\t\t\t\t\t\t<\/div>\n\t\t\t\n\t\t\n\t\t\t\t<div id=\"ngg-image-3\" class=\"ngg-gallery-thumbnail-box\"\n\t\t\t\t\t\t\t\t\t\t\t>\n\t\t\t\t\t\t<div class=\"ngg-gallery-thumbnail\">\n\t\t\t<a href=\"http:\/\/pgdprecna.si\/wp-content\/galleries\/regijska-vaja-2015\/4.jpg\"\n\t\t\t\ttitle=\"4 \/ 4\"\n\t\t\t\tdata-src=\"http:\/\/pgdprecna.si\/wp-content\/galleries\/regijska-vaja-2015\/4.jpg\"\n\t\t\t\tdata-thumbnail=\"http:\/\/pgdprecna.si\/wp-content\/galleries\/regijska-vaja-2015\/thumbs\/thumbs_4.jpg\"\n\t\t\t\tdata-image-id=\"195\"\n\t\t\t\tdata-title=\"4\"\n\t\t\t\tdata-description=\"4 \/ 4\"\n\t\t\t\tdata-image-slug=\"4\"\n\t\t\t\tclass=\"ngg-fancybox\" rel=\"39c9d736b6b0e24eb506681c6c89f12c\">\n\t\t\t\t<img\n\t\t\t\t\ttitle=\"4\"\n\t\t\t\t\talt=\"4\"\n\t\t\t\t\tsrc=\"http:\/\/pgdprecna.si\/wp-content\/galleries\/regijska-vaja-2015\/thumbs\/thumbs_4.jpg\"\n\t\t\t\t\twidth=\"120\"\n\t\t\t\t\theight=\"90\"\n\t\t\t\t\tstyle=\"max-width:100%;\"\n\t\t\t\t\/>\n\t\t\t<\/a>\n\t\t<\/div>\n\t\t\t\t\t\t\t<\/div>\n\t\t\t\n\t\t\n\t\t\n\t\t<!-- Pagination -->\n\t\t<div class='ngg-clear'><\/div>\t<\/div>\n<\/p>\n","protected":false},"excerpt":{"rendered":"<p>Sodelovali na veliki regijski gasilski vaji, ki je potekala 28.11.2015 na obmo\u010dju od \u0160kocjana do \u017du\u017eemberka. Na vaji je sodelovalo preko 250 gasilcev, od tega 10 iz PGD Pre\u010dna.<\/p>\n","protected":false},"author":1,"featured_media":745,"comment_status":"closed","ping_status":"closed","sticky":false,"template":"","format":"standard","meta":{"ngg_post_thumbnail":0,"footnotes":""},"categories":[3],"tags":[],"class_list":["post-733","post","type-post","status-publish","format-standard","has-post-thumbnail","hentry","category-novice"],"_links":{"self":[{"href":"http:\/\/pgdprecna.si\/index.php?rest_route=\/wp\/v2\/posts\/733","targetHints":{"allow":["GET"]}}],"collection":[{"href":"http:\/\/pgdprecna.si\/index.php?rest_route=\/wp\/v2\/posts"}],"about":[{"href":"http:\/\/pgdprecna.si\/index.php?rest_route=\/wp\/v2\/types\/post"}],"author":[{"embeddable":true,"href":"http:\/\/pgdprecna.si\/index.php?rest_route=\/wp\/v2\/users\/1"}],"replies":[{"embeddable":true,"href":"http:\/\/pgdprecna.si\/index.php?rest_route=%2Fwp%2Fv2%2Fcomments&post=733"}],"version-history":[{"count":3,"href":"http:\/\/pgdprecna.si\/index.php?rest_route=\/wp\/v2\/posts\/733\/revisions"}],"predecessor-version":[{"id":748,"href":"http:\/\/pgdprecna.si\/index.php?rest_route=\/wp\/v2\/posts\/733\/revisions\/748"}],"wp:featuredmedia":[{"embeddable":true,"href":"http:\/\/pgdprecna.si\/index.php?rest_route=\/wp\/v2\/media\/745"}],"wp:attachment":[{"href":"http:\/\/pgdprecna.si\/index.php?rest_route=%2Fwp%2Fv2%2Fmedia&parent=733"}],"wp:term":[{"taxonomy":"category","embeddable":true,"href":"http:\/\/pgdprecna.si\/index.php?rest_route=%2Fwp%2Fv2%2Fcategories&post=733"},{"taxonomy":"post_tag","embeddable":true,"href":"http:\/\/pgdprecna.si\/index.php?rest_route=%2Fwp%2Fv2%2Ftags&post=733"}],"curies":[{"name":"wp","href":"https:\/\/api.w.org\/{rel}","templated":true}]}}